{"id":6230,"date":"2019-02-13T08:30:31","date_gmt":"2019-02-13T06:30:31","guid":{"rendered":"https:\/\/www.omarcoatings.com\/omar-coatings-lidera-el-proyecto-ambicoat-para-el-desarrollo-de-recubrimientos-mofs\/"},"modified":"2019-02-27T14:02:53","modified_gmt":"2019-02-27T12:02:53","slug":"omar-coatings-dirige-le-projet-ambicoat-pour-le-developpement-de-revetements-mof","status":"publish","type":"post","link":"https:\/\/www.omarcoatings.com\/fr\/omar-coatings-dirige-le-projet-ambicoat-pour-le-developpement-de-revetements-mof\/","title":{"rendered":"Omar Coatings dirige le projet \u00ab Ambicoat \u00bb pour le d\u00e9veloppement de rev\u00eatements MOF"},"content":{"rendered":"<p>L\u2019<strong>Institut Technologique des Plastiques AIMPLAS<\/strong>\u00a0coordonnera le projet\u00a0<strong>AMBICOAT<\/strong>, dont l&#8217;objectif est le\u00a0<strong>d\u00e9veloppement de rev\u00eatements \u00e0 base de compos\u00e9s organom\u00e9talliques (MOF) pour la purification de l&#8217;air en int\u00e9rieur<\/strong>.<strong> OMAR COATINGS<\/strong>, ainsi que d&#8217;autres entreprises leaders dans leurs secteurs respectifs,\u00a0<strong>a men\u00e9 ce projet<\/strong>\u00a0main dans la main avec AIMPLAS et avec le financement du Minist\u00e8re de la Science, de l\u2019Innovation et des Universit\u00e9s dans le cadre de la convocation \u00ab\u00a0Retos Colaboraci\u00f3n\u00a0\u00bb 2017, num\u00e9ro de dossier RTC-2017-6428-5.<\/p>\n<p>Par le biais de notre d\u00e9partement technique, le projet d\u2019<strong>Omar Coatings<\/strong>\u00a0a consist\u00e9 \u00e0\u00a0<strong>incorporer et \u00e0 stabiliser des MOF dans des produits de vernissage et de peinture pour le rev\u00eatement de tout type de mobilier de maison, de cuisine et de salle de bains<\/strong>, ainsi que tout autre \u00e9l\u00e9ment en bois pour la d\u00e9coration int\u00e9rieure (panneaux muraux, plafonds&#8230;) ; mais \u00e9galement pour les\u00a0<strong>planchers en bois et autres mat\u00e9riaux susceptibles d\u2019\u00eatre vernis. Les autres produits sur lesquels les MOF seront incorpor\u00e9s sont en Gelcoat et composites pour des \u00e9l\u00e9ments de cuisine et de salle de bains, couvrant \u00e0 la fois les c\u00e9ramiques d\u00e9coratives et les rev\u00eatements muraux.<\/strong>\u00a0En r\u00e9sum\u00e9, les vernis et peintures ou tout type de rev\u00eatement pour tout \u00e9l\u00e9ment d&#8217;int\u00e9rieur susceptible d\u2019\u00eatre recouvert, \u00e0 l&#8217;exception de la peinture murale, qui est de la responsabilit\u00e9 de PECTRO.<\/p>\n<p><img decoding=\"async\" class=\"aligncenter size-full wp-image-6105\" src=\"https:\/\/www.omarcoatings.com\/web\/wp-content\/uploads\/2019\/02\/omar-ambicoat.jpg\" alt=\"\" width=\"1000\" height=\"401\" \/><\/p>\n<p><strong>On estime actuellement que la pollution int\u00e9rieure est de deux \u00e0 cinq fois plus importante que la pollution ext\u00e9rieure, ce qui peut affecter l&#8217;\u00e9tat de sant\u00e9 des personnes.<\/strong>\u00a0Pour lutter contre ce fl\u00e9au, des technologies innovantes de purification de l&#8217;environnement int\u00e9rieur \u00e9mergent, capables de rem\u00e9dier aux effets nocifs de nombreux polluants. Parmi ces polluants, celui qui a suscit\u00e9 le plus d&#8217;int\u00e9r\u00eat ces derni\u00e8res ann\u00e9es, en raison de son impact dans les espaces int\u00e9rieurs, est le formald\u00e9hyde, car il provoque une irritation des tissus en cas de contact direct. Il existe m\u00eame des \u00e9tudes ayant constat\u00e9 des cas de cancer du nez et de la gorge (cancer du nasopharynx) chez des personnes expos\u00e9es \u00e0 certaines quantit\u00e9s de formald\u00e9hyde au travail. Ce n&#8217;est pas un hasard si le Centre international de Recherche sur le Cancer (CIRC) et l&#8217;EPA ont \u00e9tabli que le formald\u00e9hyde est probablement canc\u00e9rog\u00e8ne pour les humains.<\/p>\n<p><strong>Actuellement, il existe des solutions \u00e0 base de TiO2, qui ne sont pas efficaces dans les espaces int\u00e9rieurs.<\/strong>\u00a0Le TiO2 n&#8217;est efficace qu&#8217;avec le rayonnement UV et celui-ci repr\u00e9sente 10 % du rayonnement solaire, c\u2019est pourquoi cette solution photocatalytique n&#8217;est pas une bonne candidate dans les espaces int\u00e9rieurs o\u00f9 le rayonnement existant se trouve principalement dans la lumi\u00e8re visible, en raison de l&#8217;effet filtrant des fen\u00eatres en verre.<\/p>\n<p><strong>AMBICOAT fait donc partie du Challenge 5 : \u00ab\u00a0L&#8217;action sur le changement climatique et l&#8217;efficacit\u00e9 dans l&#8217;utilisation des ressources et des mati\u00e8res premi\u00e8res\u00a0\u00bb<\/strong>\u00a0et un consortium de 6 partenaires a \u00e9t\u00e9 form\u00e9 pour y parvenir : l&#8217;Universit\u00e9 de Valence (ICMOL, MatCo) sera charg\u00e9e de la synth\u00e8se des compos\u00e9s organom\u00e9talliques, MOF, et de la cr\u00e9ation d&#8217;une nouvelle soci\u00e9t\u00e9 (Spin-off) pour fournir des MOF aux partenaires industriels ; le centre technologique AIMPLAS d\u00e9veloppera avec les soci\u00e9t\u00e9s\u00a0<strong>OMAR COATINGS<\/strong>\u00a0et PECTRO la m\u00e9thode de dispersion des MOF dans les r\u00e9sines liquides,<strong>\u00a0qui composeront les divers rev\u00eatements pour les diff\u00e9rentes applications : sols, meubles, peintures d\u00e9coratives, composites et c\u00e9ramique<\/strong>. AIMPLAS et ITC, \u00e9galement centre technologique, appliqueront les rev\u00eatements. Enfin, KERABEN validera les d\u00e9veloppements sur des d\u00e9monstrateurs r\u00e9els, sur lesquels ITC mesurera la d\u00e9gradation de formald\u00e9hyde des rev\u00eatements photocatalytiques con\u00e7us au cours du projet.<\/p>\n<p><img decoding=\"async\" class=\"aligncenter size-full wp-image-6106\" src=\"https:\/\/www.omarcoatings.com\/web\/wp-content\/uploads\/2019\/02\/omar-ambicoat-certficiado.jpg\" alt=\"\" width=\"1000\" height=\"209\" \/><\/p>\n","protected":false},"excerpt":{"rendered":"<p>L\u2019Institut Technologique des Plastiques AIMPLAS\u00a0coordonnera le projet\u00a0AMBICOAT, dont l&#8217;objectif est le\u00a0d\u00e9veloppement de rev\u00eatements \u00e0 base de compos\u00e9s organom\u00e9talliques (MOF) pour la purification de l&#8217;air en int\u00e9rieur. OMAR COATINGS, ainsi que d&#8217;autres entreprises leaders dans leurs secteurs respectifs,\u00a0a men\u00e9 ce projet\u00a0main dans la main avec AIMPLAS et avec le financement du Minist\u00e8re de la Science, de [&hellip;]<\/p>\n","protected":false},"author":2,"featured_media":0,"comment_status":"closed","ping_status":"open","sticky":false,"template":"","format":"standard","meta":{"footnotes":""},"categories":[24,22],"tags":[],"class_list":["post-6230","post","type-post","status-publish","format-standard","hentry","category-entreprise","category-vernis"],"yoast_head":"<!-- This site is optimized with the Yoast SEO plugin v27.4 - https:\/\/yoast.com\/product\/yoast-seo-wordpress\/ -->\n<title>Omar Coatings dirige le projet \u00ab Ambicoat \u00bb pour le d\u00e9veloppement de rev\u00eatements MOF - Omar Coatings<\/title>\n<meta name=\"robots\" content=\"index, follow, max-snippet:-1, max-image-preview:large, max-video-preview:-1\" \/>\n<link rel=\"canonical\" href=\"https:\/\/www.omarcoatings.com\/fr\/omar-coatings-dirige-le-projet-ambicoat-pour-le-developpement-de-revetements-mof\/\" \/>\n<meta property=\"og:locale\" content=\"fr_FR\" \/>\n<meta property=\"og:type\" content=\"article\" \/>\n<meta property=\"og:title\" content=\"Omar Coatings dirige le projet \u00ab Ambicoat \u00bb pour le d\u00e9veloppement de rev\u00eatements MOF - Omar Coatings\" \/>\n<meta property=\"og:description\" content=\"L\u2019Institut Technologique des Plastiques AIMPLAS\u00a0coordonnera le projet\u00a0AMBICOAT, dont l&#8217;objectif est le\u00a0d\u00e9veloppement de rev\u00eatements \u00e0 base de compos\u00e9s organom\u00e9talliques (MOF) pour la purification de l&#8217;air en int\u00e9rieur. OMAR COATINGS, ainsi que d&#8217;autres entreprises leaders dans leurs secteurs respectifs,\u00a0a men\u00e9 ce projet\u00a0main dans la main avec AIMPLAS et avec le financement du Minist\u00e8re de la Science, de [&hellip;]\" \/>\n<meta property=\"og:url\" content=\"https:\/\/www.omarcoatings.com\/fr\/omar-coatings-dirige-le-projet-ambicoat-pour-le-developpement-de-revetements-mof\/\" \/>\n<meta property=\"og:site_name\" content=\"Omar Coatings\" \/>\n<meta property=\"article:publisher\" content=\"https:\/\/www.facebook.com\/Omar-Coatings-SA-836467759840586\/\" \/>\n<meta property=\"article:published_time\" content=\"2019-02-13T06:30:31+00:00\" \/>\n<meta property=\"article:modified_time\" content=\"2019-02-27T12:02:53+00:00\" \/>\n<meta property=\"og:image\" content=\"https:\/\/www.omarcoatings.com\/web\/wp-content\/uploads\/2019\/02\/omar-ambicoat.jpg\" \/>\n<meta name=\"author\" content=\"OMAR Coatings\" \/>\n<meta name=\"twitter:card\" content=\"summary_large_image\" \/>\n<meta name=\"twitter:label1\" content=\"\u00c9crit par\" \/>\n\t<meta name=\"twitter:data1\" content=\"OMAR Coatings\" \/>\n\t<meta name=\"twitter:label2\" content=\"Dur\u00e9e de lecture estim\u00e9e\" \/>\n\t<meta name=\"twitter:data2\" content=\"3 minutes\" \/>\n<!-- \/ Yoast SEO plugin. -->","yoast_head_json":{"title":"Omar Coatings dirige le projet \u00ab Ambicoat \u00bb pour le d\u00e9veloppement de rev\u00eatements MOF - Omar Coatings","robots":{"index":"index","follow":"follow","max-snippet":"max-snippet:-1","max-image-preview":"max-image-preview:large","max-video-preview":"max-video-preview:-1"},"canonical":"https:\/\/www.omarcoatings.com\/fr\/omar-coatings-dirige-le-projet-ambicoat-pour-le-developpement-de-revetements-mof\/","og_locale":"fr_FR","og_type":"article","og_title":"Omar Coatings dirige le projet \u00ab Ambicoat \u00bb pour le d\u00e9veloppement de rev\u00eatements MOF - Omar Coatings","og_description":"L\u2019Institut Technologique des Plastiques AIMPLAS\u00a0coordonnera le projet\u00a0AMBICOAT, dont l&#8217;objectif est le\u00a0d\u00e9veloppement de rev\u00eatements \u00e0 base de compos\u00e9s organom\u00e9talliques (MOF) pour la purification de l&#8217;air en int\u00e9rieur. OMAR COATINGS, ainsi que d&#8217;autres entreprises leaders dans leurs secteurs respectifs,\u00a0a men\u00e9 ce projet\u00a0main dans la main avec AIMPLAS et avec le financement du Minist\u00e8re de la Science, de [&hellip;]","og_url":"https:\/\/www.omarcoatings.com\/fr\/omar-coatings-dirige-le-projet-ambicoat-pour-le-developpement-de-revetements-mof\/","og_site_name":"Omar Coatings","article_publisher":"https:\/\/www.facebook.com\/Omar-Coatings-SA-836467759840586\/","article_published_time":"2019-02-13T06:30:31+00:00","article_modified_time":"2019-02-27T12:02:53+00:00","og_image":[{"url":"https:\/\/www.omarcoatings.com\/web\/wp-content\/uploads\/2019\/02\/omar-ambicoat.jpg","type":"","width":"","height":""}],"author":"OMAR Coatings","twitter_card":"summary_large_image","twitter_misc":{"\u00c9crit par":"OMAR Coatings","Dur\u00e9e de lecture estim\u00e9e":"3 minutes"},"schema":{"@context":"https:\/\/schema.org","@graph":[{"@type":"Article","@id":"https:\/\/www.omarcoatings.com\/fr\/omar-coatings-dirige-le-projet-ambicoat-pour-le-developpement-de-revetements-mof\/#article","isPartOf":{"@id":"https:\/\/www.omarcoatings.com\/fr\/omar-coatings-dirige-le-projet-ambicoat-pour-le-developpement-de-revetements-mof\/"},"author":{"name":"OMAR Coatings","@id":"https:\/\/www.omarcoatings.com\/#\/schema\/person\/72d3b55ee770d39e1c127bbf859c9470"},"headline":"Omar Coatings dirige le projet \u00ab Ambicoat \u00bb pour le d\u00e9veloppement de rev\u00eatements MOF","datePublished":"2019-02-13T06:30:31+00:00","dateModified":"2019-02-27T12:02:53+00:00","mainEntityOfPage":{"@id":"https:\/\/www.omarcoatings.com\/fr\/omar-coatings-dirige-le-projet-ambicoat-pour-le-developpement-de-revetements-mof\/"},"wordCount":647,"publisher":{"@id":"https:\/\/www.omarcoatings.com\/#organization"},"image":{"@id":"https:\/\/www.omarcoatings.com\/fr\/omar-coatings-dirige-le-projet-ambicoat-pour-le-developpement-de-revetements-mof\/#primaryimage"},"thumbnailUrl":"https:\/\/www.omarcoatings.com\/web\/wp-content\/uploads\/2019\/02\/omar-ambicoat.jpg","articleSection":["Entreprise","Vernis"],"inLanguage":"fr-FR"},{"@type":"WebPage","@id":"https:\/\/www.omarcoatings.com\/fr\/omar-coatings-dirige-le-projet-ambicoat-pour-le-developpement-de-revetements-mof\/","url":"https:\/\/www.omarcoatings.com\/fr\/omar-coatings-dirige-le-projet-ambicoat-pour-le-developpement-de-revetements-mof\/","name":"Omar Coatings dirige le projet \u00ab Ambicoat \u00bb pour le d\u00e9veloppement de rev\u00eatements MOF - Omar Coatings","isPartOf":{"@id":"https:\/\/www.omarcoatings.com\/#website"},"primaryImageOfPage":{"@id":"https:\/\/www.omarcoatings.com\/fr\/omar-coatings-dirige-le-projet-ambicoat-pour-le-developpement-de-revetements-mof\/#primaryimage"},"image":{"@id":"https:\/\/www.omarcoatings.com\/fr\/omar-coatings-dirige-le-projet-ambicoat-pour-le-developpement-de-revetements-mof\/#primaryimage"},"thumbnailUrl":"https:\/\/www.omarcoatings.com\/web\/wp-content\/uploads\/2019\/02\/omar-ambicoat.jpg","datePublished":"2019-02-13T06:30:31+00:00","dateModified":"2019-02-27T12:02:53+00:00","breadcrumb":{"@id":"https:\/\/www.omarcoatings.com\/fr\/omar-coatings-dirige-le-projet-ambicoat-pour-le-developpement-de-revetements-mof\/#breadcrumb"},"inLanguage":"fr-FR","potentialAction":[{"@type":"ReadAction","target":["https:\/\/www.omarcoatings.com\/fr\/omar-coatings-dirige-le-projet-ambicoat-pour-le-developpement-de-revetements-mof\/"]}]},{"@type":"ImageObject","inLanguage":"fr-FR","@id":"https:\/\/www.omarcoatings.com\/fr\/omar-coatings-dirige-le-projet-ambicoat-pour-le-developpement-de-revetements-mof\/#primaryimage","url":"https:\/\/www.omarcoatings.com\/web\/wp-content\/uploads\/2019\/02\/omar-ambicoat.jpg","contentUrl":"https:\/\/www.omarcoatings.com\/web\/wp-content\/uploads\/2019\/02\/omar-ambicoat.jpg"},{"@type":"BreadcrumbList","@id":"https:\/\/www.omarcoatings.com\/fr\/omar-coatings-dirige-le-projet-ambicoat-pour-le-developpement-de-revetements-mof\/#breadcrumb","itemListElement":[{"@type":"ListItem","position":1,"name":"Portada","item":"https:\/\/www.omarcoatings.com\/fr\/"},{"@type":"ListItem","position":2,"name":"Omar Coatings dirige le projet \u00ab Ambicoat \u00bb pour le d\u00e9veloppement de rev\u00eatements MOF"}]},{"@type":"WebSite","@id":"https:\/\/www.omarcoatings.com\/#website","url":"https:\/\/www.omarcoatings.com\/","name":"Omar Coatings","description":"Fabrica de barnices y resinas","publisher":{"@id":"https:\/\/www.omarcoatings.com\/#organization"},"potentialAction":[{"@type":"SearchAction","target":{"@type":"EntryPoint","urlTemplate":"https:\/\/www.omarcoatings.com\/?s={search_term_string}"},"query-input":{"@type":"PropertyValueSpecification","valueRequired":true,"valueName":"search_term_string"}}],"inLanguage":"fr-FR"},{"@type":"Organization","@id":"https:\/\/www.omarcoatings.com\/#organization","name":"Omar Coatings\u00ae\ufe0f","url":"https:\/\/www.omarcoatings.com\/","logo":{"@type":"ImageObject","inLanguage":"fr-FR","@id":"https:\/\/www.omarcoatings.com\/#\/schema\/logo\/image\/","url":"https:\/\/www.omarcoatings.com\/web\/wp-content\/uploads\/2022\/05\/logoOmarcoatings.jpg","contentUrl":"https:\/\/www.omarcoatings.com\/web\/wp-content\/uploads\/2022\/05\/logoOmarcoatings.jpg","width":445,"height":301,"caption":"Omar Coatings\u00ae\ufe0f"},"image":{"@id":"https:\/\/www.omarcoatings.com\/#\/schema\/logo\/image\/"},"sameAs":["https:\/\/www.facebook.com\/Omar-Coatings-SA-836467759840586\/","https:\/\/www.linkedin.com\/company-beta\/7121006\/"]},{"@type":"Person","@id":"https:\/\/www.omarcoatings.com\/#\/schema\/person\/72d3b55ee770d39e1c127bbf859c9470","name":"OMAR Coatings","image":{"@type":"ImageObject","inLanguage":"fr-FR","@id":"https:\/\/secure.gravatar.com\/avatar\/6227270b8830863f1afa2bfe342723187d45c27b1532c911ac7f57fa946cffe6?s=96&d=mm&r=g","url":"https:\/\/secure.gravatar.com\/avatar\/6227270b8830863f1afa2bfe342723187d45c27b1532c911ac7f57fa946cffe6?s=96&d=mm&r=g","contentUrl":"https:\/\/secure.gravatar.com\/avatar\/6227270b8830863f1afa2bfe342723187d45c27b1532c911ac7f57fa946cffe6?s=96&d=mm&r=g","caption":"OMAR Coatings"}}]}},"_links":{"self":[{"href":"https:\/\/www.omarcoatings.com\/fr\/wp-json\/wp\/v2\/posts\/6230","targetHints":{"allow":["GET"]}}],"collection":[{"href":"https:\/\/www.omarcoatings.com\/fr\/wp-json\/wp\/v2\/posts"}],"about":[{"href":"https:\/\/www.omarcoatings.com\/fr\/wp-json\/wp\/v2\/types\/post"}],"author":[{"embeddable":true,"href":"https:\/\/www.omarcoatings.com\/fr\/wp-json\/wp\/v2\/users\/2"}],"replies":[{"embeddable":true,"href":"https:\/\/www.omarcoatings.com\/fr\/wp-json\/wp\/v2\/comments?post=6230"}],"version-history":[{"count":2,"href":"https:\/\/www.omarcoatings.com\/fr\/wp-json\/wp\/v2\/posts\/6230\/revisions"}],"predecessor-version":[{"id":6234,"href":"https:\/\/www.omarcoatings.com\/fr\/wp-json\/wp\/v2\/posts\/6230\/revisions\/6234"}],"wp:attachment":[{"href":"https:\/\/www.omarcoatings.com\/fr\/wp-json\/wp\/v2\/media?parent=6230"}],"wp:term":[{"taxonomy":"category","embeddable":true,"href":"https:\/\/www.omarcoatings.com\/fr\/wp-json\/wp\/v2\/categories?post=6230"},{"taxonomy":"post_tag","embeddable":true,"href":"https:\/\/www.omarcoatings.com\/fr\/wp-json\/wp\/v2\/tags?post=6230"}],"curies":[{"name":"wp","href":"https:\/\/api.w.org\/{rel}","templated":true}]}}